{"id":1186,"date":"2025-11-21T16:51:26","date_gmt":"2025-11-21T16:51:26","guid":{"rendered":"https:\/\/www.thechampionfirm.com\/pt\/?p=1186"},"modified":"2025-11-21T16:51:27","modified_gmt":"2025-11-21T16:51:27","slug":"porque-nao-tenho-saida-do-airbag-no-meu-carro-acidente","status":"publish","type":"post","link":"https:\/\/www.thechampionfirm.com\/pt\/2025\/11\/21\/porque-nao-tenho-saida-do-airbag-no-meu-carro-acidente\/","title":{"rendered":"Os airbags n\u00e3o se activaram durante o meu acidente: Tenho um caso no estado da Ge\u00f3rgia?"},"content":{"rendered":"\n<p>Quando est\u00e1 envolvido num acidente de autom\u00f3vel, os airbags s\u00e3o uma das primeiras linhas de defesa contra ferimentos graves. Estes sofisticados dispositivos de seguran\u00e7a foram concebidos para serem acionados em determinados tipos de acidentes de via\u00e7\u00e3o para proteger os ocupantes do ve\u00edculo. No entanto, h\u00e1 casos em que os airbags n\u00e3o se activam durante um acidente.<\/p>\n\n\n\n<p>Como advogados de danos pessoais, ajudamos regularmente os condutores do estado da Ge\u00f3rgia que sofreram acidentes graves com ve\u00edculos motorizados. Uma pergunta que ouvimos frequentemente \u00e9: <em>\u201cPorque \u00e9 que os meus airbags n\u00e3o se activaram durante o meu acidente?\u201d<\/em> As pessoas podem perguntar-se porque \u00e9 que os seus airbags n\u00e3o insuflaram e se os seus ferimentos teriam sido menos graves se os airbags tivessem sido acionados.<\/p>\n\n\n\n<p>Na The Champion Firm, Personal Injury Attorneys, P.C., compreendemos as complexidades que envolvem os acidentes de via\u00e7\u00e3o e o papel que a ativa\u00e7\u00e3o do airbag pode desempenhar na preven\u00e7\u00e3o de ferimentos graves. Vamos explorar algumas das principais raz\u00f5es pelas quais os airbags podem n\u00e3o ser acionados num acidente de autom\u00f3vel e quais as op\u00e7\u00f5es legais que pode ter se se encontrar numa situa\u00e7\u00e3o destas.<\/p>\n\n\n\n<h2 class=\"wp-block-heading\">Compreender o funcionamento dos airbags<\/h2>\n\n\n\n<p>Para responder a esta pergunta, temos de come\u00e7ar por descrever os tr\u00eas componentes de cada sistema de airbag dos ve\u00edculos autom\u00f3veis modernos. A primeira parte \u00e9 o airbag propriamente dito, que \u00e9 um bal\u00e3o de nylon capaz de se insuflar num instante. Em segundo lugar, existe o sistema de insufla\u00e7\u00e3o que insufla o airbag e o enche com produtos qu\u00edmicos de seguran\u00e7a. Em terceiro lugar, existem sensores inform\u00e1ticos altamente sens\u00edveis em todo o ve\u00edculo que analisam os dados. Num acidente de via\u00e7\u00e3o, estes sensores accionam os airbags para encher.<\/p>\n\n\n\n<p>Se os sensores do computador do ve\u00edculo detectarem uma poss\u00edvel colis\u00e3o autom\u00f3vel, o computador verifica imediatamente os monitores de acelera\u00e7\u00e3o e os sensores de press\u00e3o das portas. Se necess\u00e1rio, o m\u00f3dulo de dete\u00e7\u00e3o e diagn\u00f3stico (SDM) arma e acciona os airbags. Todo este processo demora normalmente cerca de 8-40 milissegundos ap\u00f3s o impacto.<\/p>\n\n\n\n<h2 class=\"wp-block-heading\"><strong>As principais raz\u00f5es pelas quais um airbag n\u00e3o dispara num acidente de autom\u00f3vel<\/strong><\/h2>\n\n\n\n<p>Existem v\u00e1rias raz\u00f5es para os airbags falharem num acidente de autom\u00f3vel, tais como<\/p>\n\n\n\n<h3 class=\"wp-block-heading\">A natureza da colis\u00e3o<\/h3>\n\n\n\n<p>Os airbags s\u00e3o concebidos para serem acionados em determinados tipos de impactos. Geralmente, as colis\u00f5es frontais e quase frontais a velocidades moderadas a elevadas accionam o sistema de airbag. Se o acidente envolver um impacto lateral, uma colis\u00e3o traseira ou uma colis\u00e3o a baixa velocidade, os airbags podem n\u00e3o ser acionados porque podem n\u00e3o ser eficazes ou necess\u00e1rios para evitar ferimentos nestas situa\u00e7\u00f5es. Cada ve\u00edculo tem sensores que determinam o tipo e a gravidade de uma colis\u00e3o e, se os sensores n\u00e3o registarem um impacto como suficientemente grave, o airbag n\u00e3o ser\u00e1 acionado.<\/p>\n\n\n\n<h3 class=\"wp-block-heading\">Problemas do sensor do airbag<\/h3>\n\n\n\n<p>Por vezes, o problema dos airbags defeituosos reside nos pr\u00f3prios sensores de colis\u00e3o do airbag. Sensores defeituosos, danificados ou instalados incorretamente podem n\u00e3o detetar uma colis\u00e3o ou avaliar incorretamente a sua gravidade, fazendo com que os airbags n\u00e3o sejam acionados quando deveriam. Os problemas dos sensores podem dever-se a defeitos do fabricante do airbag, \u00e0 n\u00e3o substitui\u00e7\u00e3o dos sensores ap\u00f3s um acidente anterior ou mesmo a problemas el\u00e9ctricos no ve\u00edculo.<\/p>\n\n\n\n<h3 class=\"wp-block-heading\">Projeto do ve\u00edculo e especifica\u00e7\u00f5es do fabricante<\/h3>\n\n\n\n<p>Os limites de ativa\u00e7\u00e3o do airbag podem variar significativamente de um modelo de ve\u00edculo para outro, com base nas especifica\u00e7\u00f5es de design e seguran\u00e7a do fabricante. Alguns ve\u00edculos s\u00e3o concebidos com um limiar mais elevado para a ativa\u00e7\u00e3o do airbag, o que significa que o impacto tem de ser mais grave para que os airbags sejam activados. Compreender os crit\u00e9rios espec\u00edficos definidos pelo fabricante para o seu ve\u00edculo pode fornecer informa\u00e7\u00f5es sobre o motivo pelo qual os airbags n\u00e3o foram acionados num determinado incidente.<\/p>\n\n\n\n<h3 class=\"wp-block-heading\">Manuten\u00e7\u00e3o do sistema e recolhas<\/h3>\n\n\n\n<p>A manuten\u00e7\u00e3o regular do ve\u00edculo \u00e9 crucial para garantir que todos os sistemas de seguran\u00e7a, incluindo os airbags, est\u00e3o a funcionar corretamente. Por vezes, os fabricantes emitem convocat\u00f3rias para os sistemas de airbag quando \u00e9 detectado um defeito. Se o propriet\u00e1rio de um ve\u00edculo negligenciar a manuten\u00e7\u00e3o regular ou n\u00e3o agir de acordo com um aviso de recolha, isso pode resultar na n\u00e3o ativa\u00e7\u00e3o dos airbags durante um acidente.<\/p>\n\n\n\n<h2 class=\"wp-block-heading\">Quando um airbag falha, os ferimentos podem ser graves<\/h2>\n\n\n\n<p>Quando um airbag n\u00e3o \u00e9 acionado num acidente de via\u00e7\u00e3o, os ocupantes do ve\u00edculo podem correr um risco maior de sofrer ferimentos graves. Os airbags foram concebidos para funcionar em conjunto com os cintos de seguran\u00e7a para reduzir significativamente o impacto e a gravidade dos ferimentos nos passageiros durante um acidente grave. O mau funcionamento dos airbags pode resultar numa vasta gama de ferimentos graves, alguns dos quais podem ser graves ou potencialmente fatais. Seguem-se les\u00f5es comuns que podem resultar do facto de um airbag n\u00e3o ser acionado durante um acidente:<\/p>\n\n\n\n<h3 class=\"wp-block-heading\">Les\u00f5es na cabe\u00e7a<\/h3>\n\n\n\n<p>Sem o efeito de amortecimento dos airbags, o condutor e os passageiros dos bancos da frente s\u00e3o mais suscept\u00edveis de bater no volante, no painel de instrumentos ou no para-brisas. Isto pode levar a les\u00f5es cerebrais traum\u00e1ticas (TCEs), concuss\u00f5es, fracturas do cr\u00e2nio e lacera\u00e7\u00f5es.<\/p>\n\n\n\n<h3 class=\"wp-block-heading\">Les\u00f5es faciais<\/h3>\n\n\n\n<p>As les\u00f5es faciais, incluindo fracturas do maxilar, nariz, ma\u00e7\u00e3s do rosto e ossos orbitais, podem ocorrer quando o rosto embate no volante, painel de instrumentos ou vidros laterais. Estes impactos podem tamb\u00e9m resultar em les\u00f5es dent\u00e1rias graves e desfigura\u00e7\u00e3o.<\/p>\n\n\n\n<h3 class=\"wp-block-heading\">Les\u00f5es no peito<\/h3>\n\n\n\n<p>A falta de abertura do airbag pode resultar em traumatismos graves no peito, uma vez que o corpo pode colidir com o volante ou o painel de instrumentos. Isto pode levar a costelas partidas, fracturas do esterno e les\u00f5es nos \u00f3rg\u00e3os internos, como os pulm\u00f5es e o cora\u00e7\u00e3o.<\/p>\n\n\n\n<h3 class=\"wp-block-heading\">Les\u00f5es abdominais<\/h3>\n\n\n\n<p>Os impactos a alta velocidade sem a prote\u00e7\u00e3o dos airbags podem causar les\u00f5es abdominais, incluindo danos em \u00f3rg\u00e3os internos como o f\u00edgado, o ba\u00e7o e os rins. Estas les\u00f5es podem n\u00e3o ser imediatamente vis\u00edveis, mas podem ser fatais se n\u00e3o forem tratadas rapidamente.<\/p>\n\n\n\n<h3 class=\"wp-block-heading\">Les\u00f5es nos membros<\/h3>\n\n\n\n<p>A for\u00e7a de uma colis\u00e3o sem a prote\u00e7\u00e3o dos airbags pode causar fracturas, luxa\u00e7\u00f5es e lacera\u00e7\u00f5es graves nos bra\u00e7os e pernas. Os ocupantes podem instintivamente preparar-se para o impacto, o que pode provocar fracturas nos pulsos, bra\u00e7os ou les\u00f5es nas extremidades inferiores.<\/p>\n\n\n\n<h3 class=\"wp-block-heading\">Les\u00f5es da espinal medula<\/h3>\n\n\n\n<p>As for\u00e7as violentas exercidas sobre o corpo durante um acidente podem provocar les\u00f5es na espinal medula, especialmente se a coluna vertebral for torcida ou dobrada de forma n\u00e3o natural devido \u00e0 falta de acionamento do airbag. Estas les\u00f5es podem ir desde h\u00e9rnias discais at\u00e9 \u00e0 paralisia parcial ou total.<\/p>\n\n\n\n<h3 class=\"wp-block-heading\">Les\u00f5es no pesco\u00e7o<\/h3>\n\n\n\n<p>A aus\u00eancia de prote\u00e7\u00e3o do airbag pode resultar em chicotadas ou les\u00f5es mais graves no pesco\u00e7o devido ao movimento brusco da cabe\u00e7a. Isto pode causar tens\u00e3o ou danos nos m\u00fasculos, ligamentos e v\u00e9rtebras do pesco\u00e7o.<\/p>\n\n\n\n<h2 class=\"wp-block-heading\">Qu\u00e3o seguros s\u00e3o os airbags?<\/h2>\n\n\n\n<p>Os airbags dos nossos ve\u00edculos s\u00e3o mais seguros e mais eficazes do que os sistemas originais que os fabricantes instalaram nas d\u00e9cadas de 1980 e 1990. Alguns sistemas de airbags actuais podem mesmo proteger as pessoas que se encontram no interior de um autom\u00f3vel envolvido num acidente de capotamento. Mesmo com estes avan\u00e7os, \u00e9 importante lembrar que os cintos de seguran\u00e7a continuam a ser a primeira linha de defesa em acidentes de via\u00e7\u00e3o. Os airbags n\u00e3o s\u00e3o um substituto de seguran\u00e7a, mas sim um suplemento de seguran\u00e7a.<\/p>\n\n\n\n<p>Se tiver um acidente de via\u00e7\u00e3o e os seus airbags n\u00e3o se activarem, isso n\u00e3o significa necessariamente que o seu carro tenha um defeito ou que tenha uma queixa de responsabilidade pelo produto contra o fabricante do carro. Nos casos de responsabilidade pelo produto no estado da Ge\u00f3rgia, a parte lesada tem de provar que o defeito causou os seus ferimentos, e estes casos envolvem normalmente peritos dispendiosos e custos judiciais.<\/p>\n\n\n\n<p>Isto significa que mesmo os ferimentos ligeiros resultantes de uma avaria no airbag podem n\u00e3o valer a pena, uma vez que pode custar mais dinheiro provar o caso, pagando peritos e custas judiciais, do que aquele que obteria num processo de responsabilidade civil pelo produto.<\/p>\n\n\n\n<p>Se voc\u00ea ou um ente querido tiver sofrido les\u00f5es graves ou potencialmente fatais num acidente de via\u00e7\u00e3o durante o qual o airbag falhou, consulte um advogado para discutir o seu caso e saber se alguma das partes pode ser legalmente respons\u00e1vel pelas suas les\u00f5es.<\/p>\n\n\n\n<h2 class=\"wp-block-heading\">Ferido num acidente de via\u00e7\u00e3o? Contacte um advogado em quem pode confiar<\/h2>\n\n\n\n<p>Se os seus airbags n\u00e3o foram acionados durante um acidente de via\u00e7\u00e3o e, como resultado, sofreu ferimentos, poder\u00e1 ter op\u00e7\u00f5es legais. A Champion Firm, Personal Injury Attorneys, P.C. \u00e9 especializada em casos de danos pessoais no estado da Ge\u00f3rgia e pode ajud\u00e1-lo a navegar pelas complexidades da sua situa\u00e7\u00e3o. A nossa equipa experiente pode investigar a causa da n\u00e3o ativa\u00e7\u00e3o, incluindo a an\u00e1lise do design do ve\u00edculo, o hist\u00f3rico de manuten\u00e7\u00e3o e quaisquer potenciais defeitos de fabrico.<\/p>\n\n\n\n<p>Responsabilizar os fabricantes, o pessoal de manuten\u00e7\u00e3o ou outras partes pelo seu papel num sistema de seguran\u00e7a com mau funcionamento pode ser um desafio, mas n\u00e3o \u00e9 algo que tenha de enfrentar sozinho. Se voc\u00ea ou um ente querido tiver sido afetado por um problema de acionamento de airbag, contacte hoje mesmo a The Champion Firm, Personal Injury Attorneys, P.C.. A nossa equipa jur\u00eddica dedicada est\u00e1 aqui para garantir que recebe a compensa\u00e7\u00e3o e a justi\u00e7a que merece pelos seus ferimentos e perdas.<\/p>\n\n\n\n<p>Lembre-se, a sua seguran\u00e7a \u00e9 primordial e compreender o sistema de airbag do seu ve\u00edculo \u00e9 uma parte essencial para se manter protegido na estrada. Se tiver preocupa\u00e7\u00f5es ou perguntas sobre os seus direitos legais na sequ\u00eancia de um acidente de via\u00e7\u00e3o na Ge\u00f3rgia, a The Champion Firm, Personal Injury Attorneys, P.C. est\u00e1 aqui para defender a sua causa.<\/p>\n\n\n\n<p>Se tiver d\u00favidas, incluindo quest\u00f5es sobre o motivo pelo qual os airbags n\u00e3o dispararam, <a href=\"https:\/\/thechampionfirm.com\/contact-us\"><u><strong>contacte<\/strong><\/u><\/a> um advogado experiente em acidentes de via\u00e7\u00e3o da The Champion Firm, Personal Injury Attorneys, P.C. para uma consulta gratuita.<\/p>\n\n\n\n<p>The Champion Firm, Personal Injury Attorneys, P.C. \u00e9 um escrit\u00f3rio de advocacia de ferimentos pessoais de servi\u00e7o completo que serve a \u00e1rea metropolitana de Atlanta. A nossa equipa premiada de <a href=\"https:\/\/thechampionfirm.com\/\"><u><strong>advogados de ferimentos pessoais de Marietta<\/strong><\/u><\/a> \u00e9 especializada em acidentes de via\u00e7\u00e3o, morte por neglig\u00eancia, responsabilidade de instala\u00e7\u00f5es e casos de escorregamento e queda. <a href=\"https:\/\/thechampionfirm.com\/who-we-are\"><u><strong>Saiba mais sobre a nossa equipa aqui.<\/strong><\/u><\/a><\/p>\n","protected":false},"excerpt":{"rendered":"<p>Quando est\u00e1 envolvido num acidente de autom\u00f3vel, os airbags s\u00e3o uma das primeiras linhas de defesa contra ferimentos graves. Estes sofisticados dispositivos de seguran\u00e7a foram concebidos para serem acionados em determinados tipos de acidentes de via\u00e7\u00e3o para proteger os ocupantes do ve\u00edculo. No entanto, h\u00e1 casos em que os airbags n\u00e3o se activam durante um [&hellip;]<\/p>\n","protected":false},"author":47,"featured_media":1187,"comment_status":"closed","ping_status":"closed","sticky":false,"template":"","format":"standard","meta":{"_acf_changed":true,"footnotes":""},"categories":[42],"tags":[],"pa_category":[13],"class_list":["post-1186","post","type-post","status-publish","format-standard","has-post-thumbnail","hentry","category-acidentes-com-veiculos-motorizados"],"acf":{"select_breadcrumb_by_id":false,"page_breadcrumb_parent":"","page_breadcrumb_parent_by_id":"","page_language":"en-US","override_post_settings":false,"add_sidebar":true,"page_sidebar_select":"sidebar-1","page_sidebar_width":"col-lg-5","page_sidebar_position":false,"page_sidebar_classes":"","add_breadcrumbs":true,"override_max_critical_blocks":"","remove_automated_schema":false,"has_related_page":false,"pick_by_id_page":false,"select_page":null,"ids_page":"","has_related_post":false,"pick_by_id_post":false,"ids_post":"","select_post":null,"has_related_result":false,"pick_by_id_result":false,"ids_result":"","select_result":null,"has_related_review":false,"pick_by_id_review":false,"ids_review":"","select_review":null,"has_related_staff":false,"pick_by_id_staff":false,"ids_staff":"","select_staff":null,"has_related_video":false,"pick_by_id_video":false,"ids_video":"","select_video":null,"has_related_podcast":false,"pick_by_id_podcast":false,"ids_podcast":"","select_podcast":null},"yoast_head":"<!-- This site is optimized with the Yoast SEO plugin v25.5 - https:\/\/yoast.com\/wordpress\/plugins\/seo\/ -->\n<title>Os airbags n\u00e3o se activaram: Tenho algum caso? | The Champion Firm<\/title>\n<meta name=\"description\" content=\"Ferido num acidente de via\u00e7\u00e3o, mas os airbags n\u00e3o foram acionados? Saiba por que raz\u00e3o os airbags podem n\u00e3o ser acionados e como um advogado experiente o pode ajudar a obter a indemniza\u00e7\u00e3o que merece.\" \/>\n<meta name=\"robots\" content=\"index, follow, max-snippet:-1, max-image-preview:large, max-video-preview:-1\" \/>\n<link rel=\"canonical\" href=\"https:\/\/www.thechampionfirm.com\/pt\/2025\/11\/21\/porque-nao-tenho-saida-do-airbag-no-meu-carro-acidente\/\" \/>\n<meta property=\"og:locale\" content=\"pt_PT\" \/>\n<meta property=\"og:type\" content=\"article\" \/>\n<meta property=\"og:title\" content=\"Os airbags n\u00e3o se activaram: Tenho algum caso? | The Champion Firm\" \/>\n<meta property=\"og:description\" content=\"Ferido num acidente de via\u00e7\u00e3o, mas os airbags n\u00e3o foram acionados? Saiba por que raz\u00e3o os airbags podem n\u00e3o ser acionados e como um advogado experiente o pode ajudar a obter a indemniza\u00e7\u00e3o que merece.\" \/>\n<meta property=\"og:url\" content=\"https:\/\/www.thechampionfirm.com\/pt\/2025\/11\/21\/porque-nao-tenho-saida-do-airbag-no-meu-carro-acidente\/\" \/>\n<meta property=\"og:site_name\" content=\"The Champion Firm - Portuguese\" \/>\n<meta property=\"article:published_time\" content=\"2025-11-21T16:51:26+00:00\" \/>\n<meta property=\"article:modified_time\" content=\"2025-11-21T16:51:27+00:00\" \/>\n<meta property=\"og:image\" content=\"https:\/\/www.thechampionfirm.com\/pt\/wp-content\/uploads\/sites\/3\/2025\/11\/champion-blog-Malfunctioning-Airbags.jpg\" \/>\n\t<meta property=\"og:image:width\" content=\"780\" \/>\n\t<meta property=\"og:image:height\" content=\"385\" \/>\n\t<meta property=\"og:image:type\" content=\"image\/jpeg\" \/>\n<meta name=\"author\" content=\"AttorneySync\" \/>\n<meta name=\"twitter:card\" content=\"summary_large_image\" \/>\n<meta name=\"twitter:label1\" content=\"Written by\" \/>\n\t<meta name=\"twitter:data1\" content=\"AttorneySync\" \/>\n\t<meta name=\"twitter:label2\" content=\"Est. reading time\" \/>\n\t<meta name=\"twitter:data2\" content=\"10 minutos\" \/>\n<script type=\"application\/ld+json\" class=\"yoast-schema-graph\">{\"@context\":\"https:\/\/schema.org\",\"@graph\":[{\"@type\":\"WebPage\",\"@id\":\"https:\/\/www.thechampionfirm.com\/pt\/2025\/11\/21\/porque-nao-tenho-saida-do-airbag-no-meu-carro-acidente\/\",\"url\":\"https:\/\/www.thechampionfirm.com\/pt\/2025\/11\/21\/porque-nao-tenho-saida-do-airbag-no-meu-carro-acidente\/\",\"name\":\"Os airbags n\u00e3o se activaram: Tenho algum caso? | The Champion Firm\",\"isPartOf\":{\"@id\":\"https:\/\/www.thechampionfirm.com\/pt\/#website\"},\"primaryImageOfPage\":{\"@id\":\"https:\/\/www.thechampionfirm.com\/pt\/2025\/11\/21\/porque-nao-tenho-saida-do-airbag-no-meu-carro-acidente\/#primaryimage\"},\"image\":{\"@id\":\"https:\/\/www.thechampionfirm.com\/pt\/2025\/11\/21\/porque-nao-tenho-saida-do-airbag-no-meu-carro-acidente\/#primaryimage\"},\"thumbnailUrl\":\"https:\/\/www.thechampionfirm.com\/pt\/wp-content\/uploads\/sites\/3\/2025\/11\/champion-blog-Malfunctioning-Airbags.jpg\",\"datePublished\":\"2025-11-21T16:51:26+00:00\",\"dateModified\":\"2025-11-21T16:51:27+00:00\",\"author\":{\"@id\":\"https:\/\/www.thechampionfirm.com\/pt\/#\/schema\/person\/c186ee00b762011ef303ba232f8686c0\"},\"description\":\"Ferido num acidente de via\u00e7\u00e3o, mas os airbags n\u00e3o foram acionados? Saiba por que raz\u00e3o os airbags podem n\u00e3o ser acionados e como um advogado experiente o pode ajudar a obter a indemniza\u00e7\u00e3o que merece.\",\"breadcrumb\":{\"@id\":\"https:\/\/www.thechampionfirm.com\/pt\/2025\/11\/21\/porque-nao-tenho-saida-do-airbag-no-meu-carro-acidente\/#breadcrumb\"},\"inLanguage\":\"pt-PT\",\"potentialAction\":[{\"@type\":\"ReadAction\",\"target\":[\"https:\/\/www.thechampionfirm.com\/pt\/2025\/11\/21\/porque-nao-tenho-saida-do-airbag-no-meu-carro-acidente\/\"]}]},{\"@type\":\"ImageObject\",\"inLanguage\":\"pt-PT\",\"@id\":\"https:\/\/www.thechampionfirm.com\/pt\/2025\/11\/21\/porque-nao-tenho-saida-do-airbag-no-meu-carro-acidente\/#primaryimage\",\"url\":\"https:\/\/www.thechampionfirm.com\/pt\/wp-content\/uploads\/sites\/3\/2025\/11\/champion-blog-Malfunctioning-Airbags.jpg\",\"contentUrl\":\"https:\/\/www.thechampionfirm.com\/pt\/wp-content\/uploads\/sites\/3\/2025\/11\/champion-blog-Malfunctioning-Airbags.jpg\",\"width\":780,\"height\":385},{\"@type\":\"BreadcrumbList\",\"@id\":\"https:\/\/www.thechampionfirm.com\/pt\/2025\/11\/21\/porque-nao-tenho-saida-do-airbag-no-meu-carro-acidente\/#breadcrumb\",\"itemListElement\":[{\"@type\":\"ListItem\",\"position\":1,\"name\":\"Home\",\"item\":\"https:\/\/www.thechampionfirm.com\/pt\/\"},{\"@type\":\"ListItem\",\"position\":2,\"name\":\"Os airbags n\u00e3o se activaram durante o meu acidente: Tenho um caso no estado da Ge\u00f3rgia?\"}]},{\"@type\":\"WebSite\",\"@id\":\"https:\/\/www.thechampionfirm.com\/pt\/#website\",\"url\":\"https:\/\/www.thechampionfirm.com\/pt\/\",\"name\":\"The Champion Firm - Portuguese\",\"description\":\"\",\"potentialAction\":[{\"@type\":\"SearchAction\",\"target\":{\"@type\":\"EntryPoint\",\"urlTemplate\":\"https:\/\/www.thechampionfirm.com\/pt\/?s={search_term_string}\"},\"query-input\":{\"@type\":\"PropertyValueSpecification\",\"valueRequired\":true,\"valueName\":\"search_term_string\"}}],\"inLanguage\":\"pt-PT\"},{\"@type\":\"Person\",\"@id\":\"https:\/\/www.thechampionfirm.com\/pt\/#\/schema\/person\/c186ee00b762011ef303ba232f8686c0\",\"name\":\"AttorneySync\",\"image\":{\"@type\":\"ImageObject\",\"inLanguage\":\"pt-PT\",\"@id\":\"https:\/\/www.thechampionfirm.com\/pt\/#\/schema\/person\/image\/\",\"url\":\"https:\/\/secure.gravatar.com\/avatar\/bcc216a2553994f3696611897dabbc5fe93afb931985d25f41e778fbb9e4a2ee?s=96&d=mm&r=g\",\"contentUrl\":\"https:\/\/secure.gravatar.com\/avatar\/bcc216a2553994f3696611897dabbc5fe93afb931985d25f41e778fbb9e4a2ee?s=96&d=mm&r=g\",\"caption\":\"AttorneySync\"},\"url\":\"https:\/\/www.thechampionfirm.com\/pt\/author\/attorneysync\/\"}]}<\/script>\n<!-- \/ Yoast SEO plugin. -->","yoast_head_json":{"title":"Os airbags n\u00e3o se activaram: Tenho algum caso? | The Champion Firm","description":"Ferido num acidente de via\u00e7\u00e3o, mas os airbags n\u00e3o foram acionados? Saiba por que raz\u00e3o os airbags podem n\u00e3o ser acionados e como um advogado experiente o pode ajudar a obter a indemniza\u00e7\u00e3o que merece.","robots":{"index":"index","follow":"follow","max-snippet":"max-snippet:-1","max-image-preview":"max-image-preview:large","max-video-preview":"max-video-preview:-1"},"canonical":"https:\/\/www.thechampionfirm.com\/pt\/2025\/11\/21\/porque-nao-tenho-saida-do-airbag-no-meu-carro-acidente\/","og_locale":"pt_PT","og_type":"article","og_title":"Os airbags n\u00e3o se activaram: Tenho algum caso? | The Champion Firm","og_description":"Ferido num acidente de via\u00e7\u00e3o, mas os airbags n\u00e3o foram acionados? Saiba por que raz\u00e3o os airbags podem n\u00e3o ser acionados e como um advogado experiente o pode ajudar a obter a indemniza\u00e7\u00e3o que merece.","og_url":"https:\/\/www.thechampionfirm.com\/pt\/2025\/11\/21\/porque-nao-tenho-saida-do-airbag-no-meu-carro-acidente\/","og_site_name":"The Champion Firm - Portuguese","article_published_time":"2025-11-21T16:51:26+00:00","article_modified_time":"2025-11-21T16:51:27+00:00","og_image":[{"width":780,"height":385,"url":"https:\/\/www.thechampionfirm.com\/pt\/wp-content\/uploads\/sites\/3\/2025\/11\/champion-blog-Malfunctioning-Airbags.jpg","type":"image\/jpeg"}],"author":"AttorneySync","twitter_card":"summary_large_image","twitter_misc":{"Written by":"AttorneySync","Est. reading time":"10 minutos"},"schema":{"@context":"https:\/\/schema.org","@graph":[{"@type":"WebPage","@id":"https:\/\/www.thechampionfirm.com\/pt\/2025\/11\/21\/porque-nao-tenho-saida-do-airbag-no-meu-carro-acidente\/","url":"https:\/\/www.thechampionfirm.com\/pt\/2025\/11\/21\/porque-nao-tenho-saida-do-airbag-no-meu-carro-acidente\/","name":"Os airbags n\u00e3o se activaram: Tenho algum caso? | The Champion Firm","isPartOf":{"@id":"https:\/\/www.thechampionfirm.com\/pt\/#website"},"primaryImageOfPage":{"@id":"https:\/\/www.thechampionfirm.com\/pt\/2025\/11\/21\/porque-nao-tenho-saida-do-airbag-no-meu-carro-acidente\/#primaryimage"},"image":{"@id":"https:\/\/www.thechampionfirm.com\/pt\/2025\/11\/21\/porque-nao-tenho-saida-do-airbag-no-meu-carro-acidente\/#primaryimage"},"thumbnailUrl":"https:\/\/www.thechampionfirm.com\/pt\/wp-content\/uploads\/sites\/3\/2025\/11\/champion-blog-Malfunctioning-Airbags.jpg","datePublished":"2025-11-21T16:51:26+00:00","dateModified":"2025-11-21T16:51:27+00:00","author":{"@id":"https:\/\/www.thechampionfirm.com\/pt\/#\/schema\/person\/c186ee00b762011ef303ba232f8686c0"},"description":"Ferido num acidente de via\u00e7\u00e3o, mas os airbags n\u00e3o foram acionados? Saiba por que raz\u00e3o os airbags podem n\u00e3o ser acionados e como um advogado experiente o pode ajudar a obter a indemniza\u00e7\u00e3o que merece.","breadcrumb":{"@id":"https:\/\/www.thechampionfirm.com\/pt\/2025\/11\/21\/porque-nao-tenho-saida-do-airbag-no-meu-carro-acidente\/#breadcrumb"},"inLanguage":"pt-PT","potentialAction":[{"@type":"ReadAction","target":["https:\/\/www.thechampionfirm.com\/pt\/2025\/11\/21\/porque-nao-tenho-saida-do-airbag-no-meu-carro-acidente\/"]}]},{"@type":"ImageObject","inLanguage":"pt-PT","@id":"https:\/\/www.thechampionfirm.com\/pt\/2025\/11\/21\/porque-nao-tenho-saida-do-airbag-no-meu-carro-acidente\/#primaryimage","url":"https:\/\/www.thechampionfirm.com\/pt\/wp-content\/uploads\/sites\/3\/2025\/11\/champion-blog-Malfunctioning-Airbags.jpg","contentUrl":"https:\/\/www.thechampionfirm.com\/pt\/wp-content\/uploads\/sites\/3\/2025\/11\/champion-blog-Malfunctioning-Airbags.jpg","width":780,"height":385},{"@type":"BreadcrumbList","@id":"https:\/\/www.thechampionfirm.com\/pt\/2025\/11\/21\/porque-nao-tenho-saida-do-airbag-no-meu-carro-acidente\/#breadcrumb","itemListElement":[{"@type":"ListItem","position":1,"name":"Home","item":"https:\/\/www.thechampionfirm.com\/pt\/"},{"@type":"ListItem","position":2,"name":"Os airbags n\u00e3o se activaram durante o meu acidente: Tenho um caso no estado da Ge\u00f3rgia?"}]},{"@type":"WebSite","@id":"https:\/\/www.thechampionfirm.com\/pt\/#website","url":"https:\/\/www.thechampionfirm.com\/pt\/","name":"The Champion Firm - Portuguese","description":"","potentialAction":[{"@type":"SearchAction","target":{"@type":"EntryPoint","urlTemplate":"https:\/\/www.thechampionfirm.com\/pt\/?s={search_term_string}"},"query-input":{"@type":"PropertyValueSpecification","valueRequired":true,"valueName":"search_term_string"}}],"inLanguage":"pt-PT"},{"@type":"Person","@id":"https:\/\/www.thechampionfirm.com\/pt\/#\/schema\/person\/c186ee00b762011ef303ba232f8686c0","name":"AttorneySync","image":{"@type":"ImageObject","inLanguage":"pt-PT","@id":"https:\/\/www.thechampionfirm.com\/pt\/#\/schema\/person\/image\/","url":"https:\/\/secure.gravatar.com\/avatar\/bcc216a2553994f3696611897dabbc5fe93afb931985d25f41e778fbb9e4a2ee?s=96&d=mm&r=g","contentUrl":"https:\/\/secure.gravatar.com\/avatar\/bcc216a2553994f3696611897dabbc5fe93afb931985d25f41e778fbb9e4a2ee?s=96&d=mm&r=g","caption":"AttorneySync"},"url":"https:\/\/www.thechampionfirm.com\/pt\/author\/attorneysync\/"}]}},"_links":{"self":[{"href":"https:\/\/www.thechampionfirm.com\/pt\/wp-json\/wp\/v2\/posts\/1186","targetHints":{"allow":["GET"]}}],"collection":[{"href":"https:\/\/www.thechampionfirm.com\/pt\/wp-json\/wp\/v2\/posts"}],"about":[{"href":"https:\/\/www.thechampionfirm.com\/pt\/wp-json\/wp\/v2\/types\/post"}],"author":[{"embeddable":true,"href":"https:\/\/www.thechampionfirm.com\/pt\/wp-json\/wp\/v2\/users\/47"}],"replies":[{"embeddable":true,"href":"https:\/\/www.thechampionfirm.com\/pt\/wp-json\/wp\/v2\/comments?post=1186"}],"version-history":[{"count":0,"href":"https:\/\/www.thechampionfirm.com\/pt\/wp-json\/wp\/v2\/posts\/1186\/revisions"}],"wp:featuredmedia":[{"embeddable":true,"href":"https:\/\/www.thechampionfirm.com\/pt\/wp-json\/wp\/v2\/media\/1187"}],"wp:attachment":[{"href":"https:\/\/www.thechampionfirm.com\/pt\/wp-json\/wp\/v2\/media?parent=1186"}],"wp:term":[{"taxonomy":"category","embeddable":true,"href":"https:\/\/www.thechampionfirm.com\/pt\/wp-json\/wp\/v2\/categories?post=1186"},{"taxonomy":"post_tag","embeddable":true,"href":"https:\/\/www.thechampionfirm.com\/pt\/wp-json\/wp\/v2\/tags?post=1186"},{"taxonomy":"pa_category","embeddable":true,"href":"https:\/\/www.thechampionfirm.com\/pt\/wp-json\/wp\/v2\/pa_category?post=1186"}],"curies":[{"name":"wp","href":"https:\/\/api.w.org\/{rel}","templated":true}]}}